[{"@context":"https:\/\/schema.org\/","@type":"Article","@id":"https:\/\/www.trissan.sk\/probiotika-natures-aid-a-ich-uzivanie\/#Article","mainEntityOfPage":"https:\/\/www.trissan.sk\/probiotika-natures-aid-a-ich-uzivanie\/","headline":"Probiotik\u00e1 Natures Aid a ich u\u017e\u00edvanie","name":"Probiotik\u00e1 Natures Aid a ich u\u017e\u00edvanie","description":"Ka\u017ed\u00fd de\u0148 sme v \u00fazkom spojen\u00ed s na\u0161ou \u010drevnou mikrofl\u00f3rou. Prij\u00edmame potravu, na\u0161a tr\u00e1venie je mechanizmus, ktor\u00e9mu v\u010fa\u010d\u00edme za spracovanie potrebn\u00fdch l\u00e1tok pre n\u00e1\u0161 organizmus. Hovor\u00ed sa, \u017ee l\u00e1ska prech\u00e1dza cez \u017eal\u00fadok. Preto je na mieste ot\u00e1zka- d\u00e1vame dostatok pozornosti na\u0161ej tr\u00e1viacej s\u00fastave? M\u00e1 priame spojenie s na\u0161ou imunitou. V na\u0161om tele sa nach\u00e1dzaj\u00fa mikroorganizmy....","datePublished":"2021-09-25","dateModified":"2023-10-24","author":{"@type":"Person","@id":"https:\/\/www.trissan.sk\/author\/devene\/#Person","name":"devene","url":"https:\/\/www.trissan.sk\/author\/devene\/","identifier":1,"image":{"@type":"ImageObject","@id":"https:\/\/secure.gravatar.com\/avatar\/d7705a23c50ede72936119380238a88bdeb91030521f9262dc3abc6fdd8add33?s=96&d=mm&r=g","url":"https:\/\/secure.gravatar.com\/avatar\/d7705a23c50ede72936119380238a88bdeb91030521f9262dc3abc6fdd8add33?s=96&d=mm&r=g","height":96,"width":96}},"publisher":{"@type":"Organization","name":"trissan.sk","logo":{"@type":"ImageObject","@id":"\/logo.png","url":"\/logo.png","width":600,"height":60}},"image":{"@type":"ImageObject","@id":"https:\/\/www.trissan.sk\/wp-content\/uploads\/%C4%8Dlovek%20pod%C4%BEa%20medic%C3%ADny.jpg","url":"https:\/\/www.trissan.sk\/wp-content\/uploads\/%C4%8Dlovek%20pod%C4%BEa%20medic%C3%ADny.jpg","height":0,"width":0},"url":"https:\/\/www.trissan.sk\/probiotika-natures-aid-a-ich-uzivanie\/","wordCount":407,"articleBody":"       Ka\u017ed\u00fd de\u0148 sme v \u00fazkom spojen\u00ed s na\u0161ou \u010drevnou mikrofl\u00f3rou. Prij\u00edmame potravu, na\u0161a tr\u00e1venie je mechanizmus, ktor\u00e9mu v\u010fa\u010d\u00edme za spracovanie potrebn\u00fdch l\u00e1tok pre n\u00e1\u0161 organizmus. Hovor\u00ed sa, \u017ee l\u00e1ska prech\u00e1dza cez \u017eal\u00fadok. Preto je na mieste ot\u00e1zka- d\u00e1vame dostatok pozornosti na\u0161ej tr\u00e1viacej s\u00fastave? M\u00e1 priame spojenie s na\u0161ou imunitou. V na\u0161om tele sa nach\u00e1dzaj\u00fa mikroorganizmy. To s\u00fa aj bakt\u00e9rie, ktor\u00e9 maj\u00fa podstatn\u00fa funkciu \u2013 nie s\u00fa teda \u0161kodcom v organizme. Pom\u00e1haj\u00fa aj v spom\u00ednan\u00fdch procesoch a \u0165a\u017eko by sme sa bez nich obi\u0161li. S\u00fa to mal\u00ed pomocn\u00edci. V podobe probiot\u00edk sa dostan\u00fa kam maj\u00fa, a dok\u00e1\u017eu upravi\u0165 chyby v stravovan\u00ed, v na\u0161om celkovom \u017eivotnom \u0161t\u00fdle, ktor\u00fd je \u010dastokr\u00e1t zdrojom probl\u00e9mov. V\u00e4\u010d\u0161inou ide o stravovanie sa nekvalitnou potravou z fast-foodov. Hladinu neprospe\u0161n\u00fdch, ne\u017eiaducich bakt\u00e9ri\u00ed m\u00f4\u017ee zvy\u0161ova\u0165 aj nedostatok sp\u00e1nku \u010di stres v ka\u017edodennom \u017eivote. Ako u\u017e\u00edva\u0165 probiotik\u00e1?Probiotik\u00e1 sa teda neu\u017e\u00edvaj\u00fa len na \u00fapravu zdravotn\u00e9ho stavu po bran\u00ed antibiot\u00edk. Tie berieme na predpis od lek\u00e1ra a ich probl\u00e9mom je, \u017ee zab\u00edjaj\u00fa aj prospe\u0161n\u00e9 bakt\u00e9rie v tele. Ako ich teda kombinova\u0165 s\u00fa\u010dasne? Odpor\u00fa\u010da sa u\u017e\u00edva\u0165 probiotik\u00e1 2 a\u017e 3 hodiny po u\u017eit\u00ed antibiot\u00edk. Po kr\u00e1tkej dobe sa odpor\u00fa\u010da nie\u010do skonzumova\u0165. Prospe\u0161n\u00e9 bakt\u00e9rie sa tak vedia r\u00fdchlej\u0161ie a efekt\u00edvnej\u0161ie mno\u017ei\u0165.  Ak chcete u\u017e\u00edva\u0165 probiotik\u00e1 za \u00fa\u010delom posilnenia imunity, bude vhodn\u00e9 ich bra\u0165 vo ve\u010dern\u00fdch hodin\u00e1ch. Taktie\u017e pred jedlom alebo kr\u00e1tkej prest\u00e1vke po \u0148om.  Doba u\u017e\u00edvania sa m\u00f4\u017ee l\u00ed\u0161i\u0165 taktie\u017e pod\u013ea \u00fa\u010delu a v\u00fdrobcov. Preto je potrebn\u00e9 \u010d\u00edta\u0165 pr\u00edbalov\u00e9 let\u00e1ky a informova\u0165 sa z viacer\u00fdch zdrojov, niektor\u00e9 si m\u00f4\u017eu protire\u010di\u0165. Ak je d\u00f4vodom upravenie stavu po antibiotik\u00e1ch, u\u017e\u00edva sa e\u0161te t\u00fd\u017ede\u0148 a\u017e dva t\u00fd\u017edne po chorobe. Pri \u0165a\u017ekostiach s imunitou je to dlh\u0161ia doba, je potrebn\u00e9 sa informova\u0165 o konkr\u00e9tnych druhoch probiot\u00edk. Vyr\u00e1baj\u00fa sa v r\u00f4znych form\u00e1ch, napr\u00edklad v klasickej forme tabliet, pr\u00e1\u0161kov, tekut\u00edn\u2026 Niekedy s\u00fa dokonca aj s\u00fa\u010das\u0165 jogurtu. \u0160pecializovan\u00fd rad produktov pon\u00faka Natures Aid, je z \u010doho vybera\u0165.                                                                                                                                                                                                                                                                                                                                                                                          4.6\/5 - (9 votes)        "},{"@context":"https:\/\/schema.org\/","@type":"BreadcrumbList","itemListElement":[{"@type":"ListItem","position":1,"name":"Probiotik\u00e1 Natures Aid a ich u\u017e\u00edvanie","item":"https:\/\/www.trissan.sk\/probiotika-natures-aid-a-ich-uzivanie\/#breadcrumbitem"}]}]